{"id":544,"date":"2023-08-22T15:03:58","date_gmt":"2023-08-22T13:03:58","guid":{"rendered":"https:\/\/www.bitmat.it\/iot\/?p=544"},"modified":"2023-08-22T15:03:58","modified_gmt":"2023-08-22T13:03:58","slug":"terna-sceglie-minsait-per-la-sua-iot-field-platform","status":"publish","type":"post","link":"https:\/\/www.bitmat.it\/iot\/blog\/news\/544\/terna-sceglie-minsait-per-la-sua-iot-field-platform","title":{"rendered":"Terna sceglie Minsait per la sua IoT Field Platform"},"content":{"rendered":"<p>Terna sceglie Minsait perch\u00e9 accompagni il Gruppo di trasmissione dell\u2019energia elettrica verso un futuro sempre pi\u00f9 <em>data driven<\/em>.<\/p>\n<p><a href=\"https:\/\/www.minsait.com\/en\" target=\"_blank\" rel=\"noopener\">Minsait<\/a>, infatti, affianca Terna per lo sviluppo della piattaforma IoT Field Platform che consentir\u00e0 di monitorare costantemente la rete di trasmissione di energia elettrica a livello nazionale, attraverso l\u2019utilizzo di sensori e dispositivi di raccolta dati installati sulle linee di alta tensione. In questo modo, Terna pu\u00f2 rilevare con tempestivit\u00e0 eventuali criticit\u00e0 o anomalie sulla rete, permettendo di attuare manutenzione predittiva anticipando i guasti e intervenendo con maggiore rapidit\u00e0.<\/p>\n<p>Questo permetter\u00e0 anche di mitigare gli effetti negativi sulla rete, ridurre i rischi ambientali e migliorare l\u2019operativit\u00e0 della rete stessa. Inoltre, la piattaforma consente una maggiore efficienza nella gestione della rete, in quanto permette di identificare e risolvere i problemi in modo pi\u00f9 rapido e preciso, riducendo il numero di interruzioni di energia elettrica e di conseguenza migliorando la qualit\u00e0 del servizio offerto ai cittadini.<\/p>\n<h2>Terna sceglie Minsait e opta per un futuro sempre pi\u00f9 digitale e incentrato sui dati<\/h2>\n<p>Terna sceglie Minsait anche per il supporto nella realizzazione e nella gestione in esercizio della piattaforma IoT. La societ\u00e0 IT si occuper\u00e0 di: messa in esercizio della piattaforma IoT e della sua integrazione con i sistemi tecnologici di Terna; migrazione degli <em>use case<\/em> esistenti dall\u2019attuale piattaforma IoT \u201cprovvisoria\u201d alla nuova IoT Field Platform; progettazione e sviluppo di nuove soluzioni phygital; installazione e connessione della piattaforma IoT con i dispositivi di campo (stazioni elettriche, tralicci, cavi etc.); servizi per la gestione dei guasti e degli interventi di manutenzione correttiva; formazione del personale di Terna.<\/p>\n<p><a href=\"https:\/\/www.lineaedp.it\/files\/2023\/02\/Luigi_Borrelli_Minsait_OK.png\"><img loading=\"lazy\" decoding=\"async\" class=\"size-full wp-image-66928 alignright\" src=\"https:\/\/www.lineaedp.it\/files\/2023\/02\/Luigi_Borrelli_Minsait_OK.png\" alt=\"\" width=\"170\" height=\"247\" \/><\/a>\u201c<em>Siamo lieti di lavorare con un\u2019azienda strategica come Terna per supportare l\u2019organizzazione nell\u2019ottimizzazione della sua attivit\u00e0 attraverso l\u2019utilizzo dell\u2019IoT e accompagnare il Gruppo verso un futuro sempre pi\u00f9 digitale e incentrato sui dati. La combinazione delle nostre competenze tecnologiche e dei nostri servizi professionali ci consentir\u00e0 di offrire una soluzione completa e personalizzata per supportare Terna nel raggiungimento dei suoi obiettivi aziendali<\/em>\u201d, ha dichiarato <a href=\"https:\/\/www.lineaedp.it\/news\/60711\/luigi-borrelli-guida-il-phygital-di-minsait\/\" target=\"_blank\" rel=\"noopener\"><strong>Luigi Borrelli<\/strong>, direttore dell\u2019area Phygital di Minsait<\/a>.<\/p>\n","protected":false},"excerpt":{"rendered":"<p>Terna sceglie Minsait per la realizzazione della sua piattaforma Internet of Things, per un futuro sempre pi\u00f9 data driven<\/p>\n","protected":false},"author":1,"featured_media":546,"comment_status":"closed","ping_status":"closed","sticky":false,"template":"","format":"standard","meta":{"inline_featured_image":false,"footnotes":""},"categories":[9],"tags":[225,224,223],"class_list":{"0":"post-544","1":"post","2":"type-post","3":"status-publish","4":"format-standard","5":"has-post-thumbnail","7":"category-prodotti","8":"tag-iot-field-platform","9":"tag-minsait","10":"tag-terna"},"yoast_head":"<!-- This site is optimized with the Yoast SEO Premium plugin v26.3 (Yoast SEO v27.5) - https:\/\/yoast.com\/product\/yoast-seo-premium-wordpress\/ -->\n<title>Terna sceglie Minsait per la sua IoT Field Platform - BitMAT | Speciale IoT e Big Data<\/title>\n<meta name=\"description\" content=\"Terna sceglie Minsait per la realizzazione della sua piattaforma Internet of Things, per un futuro sempre pi\u00f9 data driven\" \/>\n<meta name=\"robots\" content=\"index, follow, max-snippet:-1, max-image-preview:large, max-video-preview:-1\" \/>\n<link rel=\"canonical\" href=\"https:\/\/www.bitmat.it\/iot\/blog\/news\/544\/terna-sceglie-minsait-per-la-sua-iot-field-platform\" \/>\n<meta property=\"og:locale\" content=\"it_IT\" \/>\n<meta property=\"og:type\" content=\"article\" \/>\n<meta property=\"og:title\" content=\"Terna sceglie Minsait per la sua IoT Field Platform\" \/>\n<meta property=\"og:description\" content=\"Terna sceglie Minsait per la realizzazione della sua piattaforma Internet of Things, per un futuro sempre pi\u00f9 data driven\" \/>\n<meta property=\"og:url\" content=\"https:\/\/www.bitmat.it\/iot\/blog\/news\/544\/terna-sceglie-minsait-per-la-sua-iot-field-platform\" \/>\n<meta property=\"og:site_name\" content=\"BitMAT | Speciale IoT e Big Data\" \/>\n<meta property=\"article:publisher\" content=\"http:\/\/www.facebook.com\/BitMATnews\" \/>\n<meta property=\"article:author\" content=\"https:\/\/www.facebook.com\/BitMATnews\" \/>\n<meta property=\"article:published_time\" content=\"2023-08-22T13:03:58+00:00\" \/>\n<meta property=\"og:image\" content=\"https:\/\/www.bitmat.it\/iot\/files\/2023\/08\/Screenshot-2023-08-22-alle-15.02.50.png\" \/>\n\t<meta property=\"og:image:width\" content=\"1258\" \/>\n\t<meta property=\"og:image:height\" content=\"668\" \/>\n\t<meta property=\"og:image:type\" content=\"image\/png\" \/>\n<meta name=\"author\" content=\"Redazione BitMAT\" \/>\n<meta name=\"twitter:card\" content=\"summary_large_image\" \/>\n<meta name=\"twitter:creator\" content=\"@https:\/\/twitter.com\/BitMATnews\" \/>\n<meta name=\"twitter:site\" content=\"@BitMATnews\" \/>\n<meta name=\"twitter:label1\" content=\"Scritto da\" \/>\n\t<meta name=\"twitter:data1\" content=\"Redazione BitMAT\" \/>\n\t<meta name=\"twitter:label2\" content=\"Tempo di lettura stimato\" \/>\n\t<meta name=\"twitter:data2\" content=\"2 minuti\" \/>\n<script type=\"application\/ld+json\" class=\"yoast-schema-graph\">{\"@context\":\"https:\\\/\\\/schema.org\",\"@graph\":[{\"@type\":\"Article\",\"@id\":\"https:\\\/\\\/www.bitmat.it\\\/iot\\\/blog\\\/news\\\/544\\\/terna-sceglie-minsait-per-la-sua-iot-field-platform#article\",\"isPartOf\":{\"@id\":\"https:\\\/\\\/www.bitmat.it\\\/iot\\\/blog\\\/news\\\/544\\\/terna-sceglie-minsait-per-la-sua-iot-field-platform\"},\"author\":{\"name\":\"Redazione BitMAT\",\"@id\":\"https:\\\/\\\/www.bitmat.it\\\/iot\\\/#\\\/schema\\\/person\\\/4cd1e4627f78f4fbed810748dc1a20d4\"},\"headline\":\"Terna sceglie Minsait per la sua IoT Field Platform\",\"datePublished\":\"2023-08-22T13:03:58+00:00\",\"mainEntityOfPage\":{\"@id\":\"https:\\\/\\\/www.bitmat.it\\\/iot\\\/blog\\\/news\\\/544\\\/terna-sceglie-minsait-per-la-sua-iot-field-platform\"},\"wordCount\":350,\"publisher\":{\"@id\":\"https:\\\/\\\/www.bitmat.it\\\/iot\\\/#organization\"},\"image\":{\"@id\":\"https:\\\/\\\/www.bitmat.it\\\/iot\\\/blog\\\/news\\\/544\\\/terna-sceglie-minsait-per-la-sua-iot-field-platform#primaryimage\"},\"thumbnailUrl\":\"https:\\\/\\\/www.bitmat.it\\\/iot\\\/files\\\/2023\\\/08\\\/Screenshot-2023-08-22-alle-15.02.50.png\",\"keywords\":[\"IoT Field Platform\",\"Minsait\",\"Terna\"],\"articleSection\":[\"Prodotti\"],\"inLanguage\":\"it-IT\",\"copyrightYear\":\"2023\",\"copyrightHolder\":{\"@id\":\"https:\\\/\\\/www.bitmat.it\\\/#organization\"}},{\"@type\":\"WebPage\",\"@id\":\"https:\\\/\\\/www.bitmat.it\\\/iot\\\/blog\\\/news\\\/544\\\/terna-sceglie-minsait-per-la-sua-iot-field-platform\",\"url\":\"https:\\\/\\\/www.bitmat.it\\\/iot\\\/blog\\\/news\\\/544\\\/terna-sceglie-minsait-per-la-sua-iot-field-platform\",\"name\":\"Terna sceglie Minsait per la sua IoT Field Platform - BitMAT | Speciale IoT e Big Data\",\"isPartOf\":{\"@id\":\"https:\\\/\\\/www.bitmat.it\\\/iot\\\/#website\"},\"primaryImageOfPage\":{\"@id\":\"https:\\\/\\\/www.bitmat.it\\\/iot\\\/blog\\\/news\\\/544\\\/terna-sceglie-minsait-per-la-sua-iot-field-platform#primaryimage\"},\"image\":{\"@id\":\"https:\\\/\\\/www.bitmat.it\\\/iot\\\/blog\\\/news\\\/544\\\/terna-sceglie-minsait-per-la-sua-iot-field-platform#primaryimage\"},\"thumbnailUrl\":\"https:\\\/\\\/www.bitmat.it\\\/iot\\\/files\\\/2023\\\/08\\\/Screenshot-2023-08-22-alle-15.02.50.png\",\"datePublished\":\"2023-08-22T13:03:58+00:00\",\"description\":\"Terna sceglie Minsait per la realizzazione della sua piattaforma Internet of Things, per un futuro sempre pi\u00f9 data driven\",\"breadcrumb\":{\"@id\":\"https:\\\/\\\/www.bitmat.it\\\/iot\\\/blog\\\/news\\\/544\\\/terna-sceglie-minsait-per-la-sua-iot-field-platform#breadcrumb\"},\"inLanguage\":\"it-IT\",\"potentialAction\":[{\"@type\":\"ReadAction\",\"target\":[\"https:\\\/\\\/www.bitmat.it\\\/iot\\\/blog\\\/news\\\/544\\\/terna-sceglie-minsait-per-la-sua-iot-field-platform\"]}]},{\"@type\":\"ImageObject\",\"inLanguage\":\"it-IT\",\"@id\":\"https:\\\/\\\/www.bitmat.it\\\/iot\\\/blog\\\/news\\\/544\\\/terna-sceglie-minsait-per-la-sua-iot-field-platform#primaryimage\",\"url\":\"https:\\\/\\\/www.bitmat.it\\\/iot\\\/files\\\/2023\\\/08\\\/Screenshot-2023-08-22-alle-15.02.50.png\",\"contentUrl\":\"https:\\\/\\\/www.bitmat.it\\\/iot\\\/files\\\/2023\\\/08\\\/Screenshot-2023-08-22-alle-15.02.50.png\",\"width\":1258,\"height\":668,\"caption\":\"Foto di Zhivko Dimitrov da Pixabay\"},{\"@type\":\"BreadcrumbList\",\"@id\":\"https:\\\/\\\/www.bitmat.it\\\/iot\\\/blog\\\/news\\\/544\\\/terna-sceglie-minsait-per-la-sua-iot-field-platform#breadcrumb\",\"itemListElement\":[{\"@type\":\"ListItem\",\"position\":1,\"name\":\"Home\",\"item\":\"https:\\\/\\\/www.bitmat.it\\\/iot\\\/\"},{\"@type\":\"ListItem\",\"position\":2,\"name\":\"Terna sceglie Minsait per la sua IoT Field Platform\"}]},{\"@type\":\"WebSite\",\"@id\":\"https:\\\/\\\/www.bitmat.it\\\/iot\\\/#website\",\"url\":\"https:\\\/\\\/www.bitmat.it\\\/iot\\\/\",\"name\":\"BitMAT | Speciale IoT e Big Data\",\"description\":\"L&#039;evoluzione dell&#039;IoT in tutti i suoi aspetti e i Big Data\",\"publisher\":{\"@id\":\"https:\\\/\\\/www.bitmat.it\\\/iot\\\/#organization\"},\"potentialAction\":[{\"@type\":\"SearchAction\",\"target\":{\"@type\":\"EntryPoint\",\"urlTemplate\":\"https:\\\/\\\/www.bitmat.it\\\/iot\\\/?s={search_term_string}\"},\"query-input\":{\"@type\":\"PropertyValueSpecification\",\"valueRequired\":true,\"valueName\":\"search_term_string\"}}],\"inLanguage\":\"it-IT\"},{\"@type\":\"Organization\",\"@id\":\"https:\\\/\\\/www.bitmat.it\\\/iot\\\/#organization\",\"name\":\"BitMAT | Speciale IoT e Big Data\",\"url\":\"https:\\\/\\\/www.bitmat.it\\\/iot\\\/\",\"logo\":{\"@type\":\"ImageObject\",\"inLanguage\":\"it-IT\",\"@id\":\"https:\\\/\\\/www.bitmat.it\\\/iot\\\/#\\\/schema\\\/logo\\\/image\\\/\",\"url\":\"https:\\\/\\\/www.bitmat.it\\\/iot\\\/files\\\/2016\\\/04\\\/specialeIOT_marchio_negativo_small2.png\",\"contentUrl\":\"https:\\\/\\\/www.bitmat.it\\\/iot\\\/files\\\/2016\\\/04\\\/specialeIOT_marchio_negativo_small2.png\",\"width\":350,\"height\":103,\"caption\":\"BitMAT | Speciale IoT e Big Data\"},\"image\":{\"@id\":\"https:\\\/\\\/www.bitmat.it\\\/iot\\\/#\\\/schema\\\/logo\\\/image\\\/\"},\"sameAs\":[\"http:\\\/\\\/www.facebook.com\\\/BitMATnews\",\"https:\\\/\\\/x.com\\\/BitMATnews\",\"https:\\\/\\\/www.linkedin.com\\\/company\\\/bitmat-edizioni\\\/\",\"https:\\\/\\\/vimeo.com\\\/bitmat\"]},{\"@type\":\"Person\",\"@id\":\"https:\\\/\\\/www.bitmat.it\\\/iot\\\/#\\\/schema\\\/person\\\/4cd1e4627f78f4fbed810748dc1a20d4\",\"name\":\"Redazione BitMAT\",\"image\":{\"@type\":\"ImageObject\",\"inLanguage\":\"it-IT\",\"@id\":\"https:\\\/\\\/secure.gravatar.com\\\/avatar\\\/cc68cb64f5606ebc4c95ec5b02440c57fc7d268268e5dd8c1cac7ec09ec07ac9?s=96&d=mm&r=g\",\"url\":\"https:\\\/\\\/secure.gravatar.com\\\/avatar\\\/cc68cb64f5606ebc4c95ec5b02440c57fc7d268268e5dd8c1cac7ec09ec07ac9?s=96&d=mm&r=g\",\"contentUrl\":\"https:\\\/\\\/secure.gravatar.com\\\/avatar\\\/cc68cb64f5606ebc4c95ec5b02440c57fc7d268268e5dd8c1cac7ec09ec07ac9?s=96&d=mm&r=g\",\"caption\":\"Redazione BitMAT\"},\"description\":\"BitMAT Edizioni \u00e8 una casa editrice che ha sede a Milano con una copertura a 360\u00b0 per quanto riguarda la comunicazione rivolta agli specialisti dell'lnformation &amp; Communication Technology.\",\"sameAs\":[\"https:\\\/\\\/www.bitmat.it\\\/\",\"https:\\\/\\\/www.facebook.com\\\/BitMATnews\",\"https:\\\/\\\/x.com\\\/https:\\\/\\\/twitter.com\\\/BitMATnews\"],\"url\":\"https:\\\/\\\/www.bitmat.it\\\/iot\\\/blog\\\/news\\\/author\\\/bitmat\"}]}<\/script>\n<!-- \/ Yoast SEO Premium plugin. -->","yoast_head_json":{"title":"Terna sceglie Minsait per la sua IoT Field Platform - BitMAT | Speciale IoT e Big Data","description":"Terna sceglie Minsait per la realizzazione della sua piattaforma Internet of Things, per un futuro sempre pi\u00f9 data driven","robots":{"index":"index","follow":"follow","max-snippet":"max-snippet:-1","max-image-preview":"max-image-preview:large","max-video-preview":"max-video-preview:-1"},"canonical":"https:\/\/www.bitmat.it\/iot\/blog\/news\/544\/terna-sceglie-minsait-per-la-sua-iot-field-platform","og_locale":"it_IT","og_type":"article","og_title":"Terna sceglie Minsait per la sua IoT Field Platform","og_description":"Terna sceglie Minsait per la realizzazione della sua piattaforma Internet of Things, per un futuro sempre pi\u00f9 data driven","og_url":"https:\/\/www.bitmat.it\/iot\/blog\/news\/544\/terna-sceglie-minsait-per-la-sua-iot-field-platform","og_site_name":"BitMAT | Speciale IoT e Big Data","article_publisher":"http:\/\/www.facebook.com\/BitMATnews","article_author":"https:\/\/www.facebook.com\/BitMATnews","article_published_time":"2023-08-22T13:03:58+00:00","og_image":[{"width":1258,"height":668,"url":"https:\/\/www.bitmat.it\/iot\/files\/2023\/08\/Screenshot-2023-08-22-alle-15.02.50.png","type":"image\/png"}],"author":"Redazione BitMAT","twitter_card":"summary_large_image","twitter_creator":"@https:\/\/twitter.com\/BitMATnews","twitter_site":"@BitMATnews","twitter_misc":{"Scritto da":"Redazione BitMAT","Tempo di lettura stimato":"2 minuti"},"schema":{"@context":"https:\/\/schema.org","@graph":[{"@type":"Article","@id":"https:\/\/www.bitmat.it\/iot\/blog\/news\/544\/terna-sceglie-minsait-per-la-sua-iot-field-platform#article","isPartOf":{"@id":"https:\/\/www.bitmat.it\/iot\/blog\/news\/544\/terna-sceglie-minsait-per-la-sua-iot-field-platform"},"author":{"name":"Redazione BitMAT","@id":"https:\/\/www.bitmat.it\/iot\/#\/schema\/person\/4cd1e4627f78f4fbed810748dc1a20d4"},"headline":"Terna sceglie Minsait per la sua IoT Field Platform","datePublished":"2023-08-22T13:03:58+00:00","mainEntityOfPage":{"@id":"https:\/\/www.bitmat.it\/iot\/blog\/news\/544\/terna-sceglie-minsait-per-la-sua-iot-field-platform"},"wordCount":350,"publisher":{"@id":"https:\/\/www.bitmat.it\/iot\/#organization"},"image":{"@id":"https:\/\/www.bitmat.it\/iot\/blog\/news\/544\/terna-sceglie-minsait-per-la-sua-iot-field-platform#primaryimage"},"thumbnailUrl":"https:\/\/www.bitmat.it\/iot\/files\/2023\/08\/Screenshot-2023-08-22-alle-15.02.50.png","keywords":["IoT Field Platform","Minsait","Terna"],"articleSection":["Prodotti"],"inLanguage":"it-IT","copyrightYear":"2023","copyrightHolder":{"@id":"https:\/\/www.bitmat.it\/#organization"}},{"@type":"WebPage","@id":"https:\/\/www.bitmat.it\/iot\/blog\/news\/544\/terna-sceglie-minsait-per-la-sua-iot-field-platform","url":"https:\/\/www.bitmat.it\/iot\/blog\/news\/544\/terna-sceglie-minsait-per-la-sua-iot-field-platform","name":"Terna sceglie Minsait per la sua IoT Field Platform - BitMAT | Speciale IoT e Big Data","isPartOf":{"@id":"https:\/\/www.bitmat.it\/iot\/#website"},"primaryImageOfPage":{"@id":"https:\/\/www.bitmat.it\/iot\/blog\/news\/544\/terna-sceglie-minsait-per-la-sua-iot-field-platform#primaryimage"},"image":{"@id":"https:\/\/www.bitmat.it\/iot\/blog\/news\/544\/terna-sceglie-minsait-per-la-sua-iot-field-platform#primaryimage"},"thumbnailUrl":"https:\/\/www.bitmat.it\/iot\/files\/2023\/08\/Screenshot-2023-08-22-alle-15.02.50.png","datePublished":"2023-08-22T13:03:58+00:00","description":"Terna sceglie Minsait per la realizzazione della sua piattaforma Internet of Things, per un futuro sempre pi\u00f9 data driven","breadcrumb":{"@id":"https:\/\/www.bitmat.it\/iot\/blog\/news\/544\/terna-sceglie-minsait-per-la-sua-iot-field-platform#breadcrumb"},"inLanguage":"it-IT","potentialAction":[{"@type":"ReadAction","target":["https:\/\/www.bitmat.it\/iot\/blog\/news\/544\/terna-sceglie-minsait-per-la-sua-iot-field-platform"]}]},{"@type":"ImageObject","inLanguage":"it-IT","@id":"https:\/\/www.bitmat.it\/iot\/blog\/news\/544\/terna-sceglie-minsait-per-la-sua-iot-field-platform#primaryimage","url":"https:\/\/www.bitmat.it\/iot\/files\/2023\/08\/Screenshot-2023-08-22-alle-15.02.50.png","contentUrl":"https:\/\/www.bitmat.it\/iot\/files\/2023\/08\/Screenshot-2023-08-22-alle-15.02.50.png","width":1258,"height":668,"caption":"Foto di Zhivko Dimitrov da Pixabay"},{"@type":"BreadcrumbList","@id":"https:\/\/www.bitmat.it\/iot\/blog\/news\/544\/terna-sceglie-minsait-per-la-sua-iot-field-platform#breadcrumb","itemListElement":[{"@type":"ListItem","position":1,"name":"Home","item":"https:\/\/www.bitmat.it\/iot\/"},{"@type":"ListItem","position":2,"name":"Terna sceglie Minsait per la sua IoT Field Platform"}]},{"@type":"WebSite","@id":"https:\/\/www.bitmat.it\/iot\/#website","url":"https:\/\/www.bitmat.it\/iot\/","name":"BitMAT | Speciale IoT e Big Data","description":"L&#039;evoluzione dell&#039;IoT in tutti i suoi aspetti e i Big Data","publisher":{"@id":"https:\/\/www.bitmat.it\/iot\/#organization"},"potentialAction":[{"@type":"SearchAction","target":{"@type":"EntryPoint","urlTemplate":"https:\/\/www.bitmat.it\/iot\/?s={search_term_string}"},"query-input":{"@type":"PropertyValueSpecification","valueRequired":true,"valueName":"search_term_string"}}],"inLanguage":"it-IT"},{"@type":"Organization","@id":"https:\/\/www.bitmat.it\/iot\/#organization","name":"BitMAT | Speciale IoT e Big Data","url":"https:\/\/www.bitmat.it\/iot\/","logo":{"@type":"ImageObject","inLanguage":"it-IT","@id":"https:\/\/www.bitmat.it\/iot\/#\/schema\/logo\/image\/","url":"https:\/\/www.bitmat.it\/iot\/files\/2016\/04\/specialeIOT_marchio_negativo_small2.png","contentUrl":"https:\/\/www.bitmat.it\/iot\/files\/2016\/04\/specialeIOT_marchio_negativo_small2.png","width":350,"height":103,"caption":"BitMAT | Speciale IoT e Big Data"},"image":{"@id":"https:\/\/www.bitmat.it\/iot\/#\/schema\/logo\/image\/"},"sameAs":["http:\/\/www.facebook.com\/BitMATnews","https:\/\/x.com\/BitMATnews","https:\/\/www.linkedin.com\/company\/bitmat-edizioni\/","https:\/\/vimeo.com\/bitmat"]},{"@type":"Person","@id":"https:\/\/www.bitmat.it\/iot\/#\/schema\/person\/4cd1e4627f78f4fbed810748dc1a20d4","name":"Redazione BitMAT","image":{"@type":"ImageObject","inLanguage":"it-IT","@id":"https:\/\/secure.gravatar.com\/avatar\/cc68cb64f5606ebc4c95ec5b02440c57fc7d268268e5dd8c1cac7ec09ec07ac9?s=96&d=mm&r=g","url":"https:\/\/secure.gravatar.com\/avatar\/cc68cb64f5606ebc4c95ec5b02440c57fc7d268268e5dd8c1cac7ec09ec07ac9?s=96&d=mm&r=g","contentUrl":"https:\/\/secure.gravatar.com\/avatar\/cc68cb64f5606ebc4c95ec5b02440c57fc7d268268e5dd8c1cac7ec09ec07ac9?s=96&d=mm&r=g","caption":"Redazione BitMAT"},"description":"BitMAT Edizioni \u00e8 una casa editrice che ha sede a Milano con una copertura a 360\u00b0 per quanto riguarda la comunicazione rivolta agli specialisti dell'lnformation &amp; Communication Technology.","sameAs":["https:\/\/www.bitmat.it\/","https:\/\/www.facebook.com\/BitMATnews","https:\/\/x.com\/https:\/\/twitter.com\/BitMATnews"],"url":"https:\/\/www.bitmat.it\/iot\/blog\/news\/author\/bitmat"}]}},"_links":{"self":[{"href":"https:\/\/www.bitmat.it\/iot\/wp-json\/wp\/v2\/posts\/544","targetHints":{"allow":["GET"]}}],"collection":[{"href":"https:\/\/www.bitmat.it\/iot\/wp-json\/wp\/v2\/posts"}],"about":[{"href":"https:\/\/www.bitmat.it\/iot\/wp-json\/wp\/v2\/types\/post"}],"author":[{"embeddable":true,"href":"https:\/\/www.bitmat.it\/iot\/wp-json\/wp\/v2\/users\/1"}],"replies":[{"embeddable":true,"href":"https:\/\/www.bitmat.it\/iot\/wp-json\/wp\/v2\/comments?post=544"}],"version-history":[{"count":1,"href":"https:\/\/www.bitmat.it\/iot\/wp-json\/wp\/v2\/posts\/544\/revisions"}],"predecessor-version":[{"id":547,"href":"https:\/\/www.bitmat.it\/iot\/wp-json\/wp\/v2\/posts\/544\/revisions\/547"}],"wp:featuredmedia":[{"embeddable":true,"href":"https:\/\/www.bitmat.it\/iot\/wp-json\/wp\/v2\/media\/546"}],"wp:attachment":[{"href":"https:\/\/www.bitmat.it\/iot\/wp-json\/wp\/v2\/media?parent=544"}],"wp:term":[{"taxonomy":"category","embeddable":true,"href":"https:\/\/www.bitmat.it\/iot\/wp-json\/wp\/v2\/categories?post=544"},{"taxonomy":"post_tag","embeddable":true,"href":"https:\/\/www.bitmat.it\/iot\/wp-json\/wp\/v2\/tags?post=544"}],"curies":[{"name":"wp","href":"https:\/\/api.w.org\/{rel}","templated":true}]}}